{"id":16262,"date":"2025-09-24T22:17:41","date_gmt":"2025-09-24T20:17:41","guid":{"rendered":"https:\/\/lyc-jules-ferry.fr\/?p=16262"},"modified":"2025-09-25T09:11:36","modified_gmt":"2025-09-25T07:11:36","slug":"la-journee-nationale-du-sport-scolaire","status":"publish","type":"post","link":"https:\/\/lyc-jules-ferry.fr\/?p=16262","title":{"rendered":"La journ\u00e9e nationale du sport scolaire"},"content":{"rendered":"\n<figure class=\"wp-block-image size-large\"><img data-recalc-dims=\"1\" loading=\"lazy\" decoding=\"async\" width=\"525\" height=\"296\" data-attachment-id=\"16278\" data-permalink=\"https:\/\/lyc-jules-ferry.fr\/?attachment_id=16278\" data-orig-file=\"https:\/\/i0.wp.com\/lyc-jules-ferry.fr\/wp-content\/uploads\/2025\/09\/Groupe-mme-Goze.jpg?fit=1500%2C846&amp;ssl=1\" data-orig-size=\"1500,846\" data-comments-opened=\"0\" data-image-meta=\"{&quot;aperture&quot;:&quot;0&quot;,&quot;credit&quot;:&quot;&quot;,&quot;camera&quot;:&quot;&quot;,&quot;caption&quot;:&quot;&quot;,&quot;created_timestamp&quot;:&quot;0&quot;,&quot;copyright&quot;:&quot;&quot;,&quot;focal_length&quot;:&quot;0&quot;,&quot;iso&quot;:&quot;0&quot;,&quot;shutter_speed&quot;:&quot;0&quot;,&quot;title&quot;:&quot;&quot;,&quot;orientation&quot;:&quot;0&quot;}\" data-image-title=\"Groupe mme Goze\" data-image-description=\"\" data-image-caption=\"\" data-large-file=\"https:\/\/i0.wp.com\/lyc-jules-ferry.fr\/wp-content\/uploads\/2025\/09\/Groupe-mme-Goze.jpg?fit=525%2C296&amp;ssl=1\" src=\"https:\/\/i0.wp.com\/lyc-jules-ferry.fr\/wp-content\/uploads\/2025\/09\/Groupe-mme-Goze.jpg?resize=525%2C296&#038;ssl=1\" alt=\"Un groupe de jeunes \u00e9l\u00e8ves souriants portant des T-shirts noirs, posant sur un terrain de sport color\u00e9, avec des installations sportives en arri\u00e8re-plan.\" class=\"wp-image-16278\" srcset=\"https:\/\/i0.wp.com\/lyc-jules-ferry.fr\/wp-content\/uploads\/2025\/09\/Groupe-mme-Goze.jpg?resize=1024%2C578&amp;ssl=1 1024w, https:\/\/i0.wp.com\/lyc-jules-ferry.fr\/wp-content\/uploads\/2025\/09\/Groupe-mme-Goze.jpg?resize=300%2C169&amp;ssl=1 300w, https:\/\/i0.wp.com\/lyc-jules-ferry.fr\/wp-content\/uploads\/2025\/09\/Groupe-mme-Goze.jpg?resize=768%2C433&amp;ssl=1 768w, https:\/\/i0.wp.com\/lyc-jules-ferry.fr\/wp-content\/uploads\/2025\/09\/Groupe-mme-Goze.jpg?w=1500&amp;ssl=1 1500w\" sizes=\"auto, (max-width: 767px) 89vw, (max-width: 1000px) 54vw, (max-width: 1071px) 543px, 580px\" \/><\/figure>\n\n\n\n<p class=\"wp-block-paragraph\">20 \u00e9l\u00e8ves du coll\u00e8ge ont eu la chance de participer \u00e0 la JNSS \u00e0 Carpentier, Paris 13 &nbsp;le mercredi 17 septembre 2025.<\/p>\n\n\n\n<p class=\"wp-block-paragraph\">En effet, l\u2019UNSS (Union Nationale du Sport Scolaire) c\u00e9l\u00e8bre chaque ann\u00e9e sa journ\u00e9e en proposant aux \u00e9l\u00e8ves une multitude d\u2019activit\u00e9s physiques et sportives \u00e0 d\u00e9couvrir.<\/p>\n\n\n\n<figure class=\"wp-block-image size-large\"><img data-recalc-dims=\"1\" loading=\"lazy\" decoding=\"async\" width=\"525\" height=\"394\" data-attachment-id=\"16274\" data-permalink=\"https:\/\/lyc-jules-ferry.fr\/?attachment_id=16274\" data-orig-file=\"https:\/\/i0.wp.com\/lyc-jules-ferry.fr\/wp-content\/uploads\/2025\/09\/Groupe-Judo.jpg?fit=1500%2C1125&amp;ssl=1\" data-orig-size=\"1500,1125\" data-comments-opened=\"0\" data-image-meta=\"{&quot;aperture&quot;:&quot;0&quot;,&quot;credit&quot;:&quot;&quot;,&quot;camera&quot;:&quot;&quot;,&quot;caption&quot;:&quot;&quot;,&quot;created_timestamp&quot;:&quot;0&quot;,&quot;copyright&quot;:&quot;&quot;,&quot;focal_length&quot;:&quot;0&quot;,&quot;iso&quot;:&quot;0&quot;,&quot;shutter_speed&quot;:&quot;0&quot;,&quot;title&quot;:&quot;&quot;,&quot;orientation&quot;:&quot;0&quot;}\" data-image-title=\"Groupe Judo\" data-image-description=\"\" data-image-caption=\"\" data-large-file=\"https:\/\/i0.wp.com\/lyc-jules-ferry.fr\/wp-content\/uploads\/2025\/09\/Groupe-Judo.jpg?fit=525%2C394&amp;ssl=1\" src=\"https:\/\/i0.wp.com\/lyc-jules-ferry.fr\/wp-content\/uploads\/2025\/09\/Groupe-Judo.jpg?resize=525%2C394&#038;ssl=1\" alt=\"Groupe d'\u00e9l\u00e8ves du coll\u00e8ge avec des professeurs lors de la JNSS, sur un tatami de judo, affichant des signes de la main et souriant.\" class=\"wp-image-16274\" srcset=\"https:\/\/i0.wp.com\/lyc-jules-ferry.fr\/wp-content\/uploads\/2025\/09\/Groupe-Judo.jpg?resize=1024%2C768&amp;ssl=1 1024w, https:\/\/i0.wp.com\/lyc-jules-ferry.fr\/wp-content\/uploads\/2025\/09\/Groupe-Judo.jpg?resize=300%2C225&amp;ssl=1 300w, https:\/\/i0.wp.com\/lyc-jules-ferry.fr\/wp-content\/uploads\/2025\/09\/Groupe-Judo.jpg?resize=768%2C576&amp;ssl=1 768w, https:\/\/i0.wp.com\/lyc-jules-ferry.fr\/wp-content\/uploads\/2025\/09\/Groupe-Judo.jpg?w=1500&amp;ssl=1 1500w\" sizes=\"auto, (max-width: 767px) 89vw, (max-width: 1000px) 54vw, (max-width: 1071px) 543px, 580px\" \/><\/figure>\n\n\n\n<p class=\"wp-block-paragraph\">La journ\u00e9e fut rythm\u00e9e par diff\u00e9rents ateliers, un pique-nique z\u00e9ro d\u00e9chet (JF remporte comme d\u2019habitude le respect de cette sensibilisation \u00e0 l\u2019\u00e9cologie), des efforts, et du plaisir partag\u00e9 \u00e0 travers une pratique de qualit\u00e9.<\/p>\n\n\n\n<figure class=\"wp-block-gallery has-nested-images columns-1 is-cropped wp-block-gallery-1 is-layout-flex wp-block-gallery-is-layout-flex\">\n<figure class=\"wp-block-image size-large\"><img data-recalc-dims=\"1\" loading=\"lazy\" decoding=\"async\" width=\"525\" height=\"394\" data-attachment-id=\"16267\" data-permalink=\"https:\/\/lyc-jules-ferry.fr\/?attachment_id=16267\" data-orig-file=\"https:\/\/i0.wp.com\/lyc-jules-ferry.fr\/wp-content\/uploads\/2025\/09\/College-JF-groupe.jpg?fit=1500%2C1125&amp;ssl=1\" data-orig-size=\"1500,1125\" data-comments-opened=\"0\" data-image-meta=\"{&quot;aperture&quot;:&quot;0&quot;,&quot;credit&quot;:&quot;&quot;,&quot;camera&quot;:&quot;&quot;,&quot;caption&quot;:&quot;&quot;,&quot;created_timestamp&quot;:&quot;0&quot;,&quot;copyright&quot;:&quot;&quot;,&quot;focal_length&quot;:&quot;0&quot;,&quot;iso&quot;:&quot;0&quot;,&quot;shutter_speed&quot;:&quot;0&quot;,&quot;title&quot;:&quot;&quot;,&quot;orientation&quot;:&quot;0&quot;}\" data-image-title=\"Colle\u0300ge JF groupe\" data-image-description=\"\" data-image-caption=\"\" data-large-file=\"https:\/\/i0.wp.com\/lyc-jules-ferry.fr\/wp-content\/uploads\/2025\/09\/College-JF-groupe.jpg?fit=525%2C394&amp;ssl=1\" data-id=\"16267\" src=\"https:\/\/i0.wp.com\/lyc-jules-ferry.fr\/wp-content\/uploads\/2025\/09\/College-JF-groupe.jpg?resize=525%2C394&#038;ssl=1\" alt=\"Un groupe d'\u00e9l\u00e8ves souriants posant ensemble sur un terrain, participant \u00e0 un atelier de flag football lors de la Journ\u00e9e Nationale du Sport Scolaire.\" class=\"wp-image-16267\" srcset=\"https:\/\/i0.wp.com\/lyc-jules-ferry.fr\/wp-content\/uploads\/2025\/09\/College-JF-groupe.jpg?resize=1024%2C768&amp;ssl=1 1024w, https:\/\/i0.wp.com\/lyc-jules-ferry.fr\/wp-content\/uploads\/2025\/09\/College-JF-groupe.jpg?resize=300%2C225&amp;ssl=1 300w, https:\/\/i0.wp.com\/lyc-jules-ferry.fr\/wp-content\/uploads\/2025\/09\/College-JF-groupe.jpg?resize=768%2C576&amp;ssl=1 768w, https:\/\/i0.wp.com\/lyc-jules-ferry.fr\/wp-content\/uploads\/2025\/09\/College-JF-groupe.jpg?w=1500&amp;ssl=1 1500w\" sizes=\"auto, (max-width: 767px) 89vw, (max-width: 1000px) 54vw, (max-width: 1071px) 543px, 580px\" \/><\/figure>\n\n\n\n<figure class=\"wp-block-image size-large\"><img data-recalc-dims=\"1\" loading=\"lazy\" decoding=\"async\" width=\"525\" height=\"930\" data-attachment-id=\"16277\" data-permalink=\"https:\/\/lyc-jules-ferry.fr\/?attachment_id=16277\" data-orig-file=\"https:\/\/i0.wp.com\/lyc-jules-ferry.fr\/wp-content\/uploads\/2025\/09\/Message-non-violence.jpg?fit=846%2C1500&amp;ssl=1\" data-orig-size=\"846,1500\" data-comments-opened=\"0\" data-image-meta=\"{&quot;aperture&quot;:&quot;0&quot;,&quot;credit&quot;:&quot;&quot;,&quot;camera&quot;:&quot;&quot;,&quot;caption&quot;:&quot;&quot;,&quot;created_timestamp&quot;:&quot;0&quot;,&quot;copyright&quot;:&quot;&quot;,&quot;focal_length&quot;:&quot;0&quot;,&quot;iso&quot;:&quot;0&quot;,&quot;shutter_speed&quot;:&quot;0&quot;,&quot;title&quot;:&quot;&quot;,&quot;orientation&quot;:&quot;0&quot;}\" data-image-title=\"Message non violence\" data-image-description=\"\" data-image-caption=\"\" data-large-file=\"https:\/\/i0.wp.com\/lyc-jules-ferry.fr\/wp-content\/uploads\/2025\/09\/Message-non-violence.jpg?fit=525%2C930&amp;ssl=1\" data-id=\"16277\" src=\"https:\/\/i0.wp.com\/lyc-jules-ferry.fr\/wp-content\/uploads\/2025\/09\/Message-non-violence.jpg?resize=525%2C930&#038;ssl=1\" alt=\"Un groupe d'\u00e9l\u00e8ves en posture de d\u00e9fi, montrant des poings lev\u00e9s, avec une \u00e9l\u00e8ve portant un t-shirt qui dit 'LUTTER POUR UN SPORT SANS VIOLENCE'.\" class=\"wp-image-16277\" srcset=\"https:\/\/i0.wp.com\/lyc-jules-ferry.fr\/wp-content\/uploads\/2025\/09\/Message-non-violence.jpg?resize=578%2C1024&amp;ssl=1 578w, https:\/\/i0.wp.com\/lyc-jules-ferry.fr\/wp-content\/uploads\/2025\/09\/Message-non-violence.jpg?resize=169%2C300&amp;ssl=1 169w, https:\/\/i0.wp.com\/lyc-jules-ferry.fr\/wp-content\/uploads\/2025\/09\/Message-non-violence.jpg?resize=768%2C1362&amp;ssl=1 768w, https:\/\/i0.wp.com\/lyc-jules-ferry.fr\/wp-content\/uploads\/2025\/09\/Message-non-violence.jpg?w=846&amp;ssl=1 846w\" sizes=\"auto, (max-width: 525px) 100vw, 525px\" \/><\/figure>\n<\/figure>\n\n\n\n<p class=\"wp-block-paragraph\">Les impressions sont positives et donnent envie de se mettre au sport ! Tristan nous confie que l\u2019atelier badminton lui a donn\u00e9 envie de s\u2019y inscrire en club. Maela et Vladimir ont pass\u00e9 une belle journ\u00e9e et sont heureux d\u2019avoir pratiqu\u00e9 le flag football, ce sport venu des USA bas\u00e9 sur la coop\u00e9ration. <\/p>\n\n\n\n<figure class=\"wp-block-gallery has-nested-images columns-2 is-cropped wp-block-gallery-2 is-layout-flex wp-block-gallery-is-layout-flex\">\n<figure class=\"wp-block-image size-large\"><img data-recalc-dims=\"1\" loading=\"lazy\" decoding=\"async\" width=\"525\" height=\"930\" data-attachment-id=\"16275\" data-permalink=\"https:\/\/lyc-jules-ferry.fr\/?attachment_id=16275\" data-orig-file=\"https:\/\/i0.wp.com\/lyc-jules-ferry.fr\/wp-content\/uploads\/2025\/09\/tir-a-larc.jpg?fit=846%2C1500&amp;ssl=1\" data-orig-size=\"846,1500\" data-comments-opened=\"0\" data-image-meta=\"{&quot;aperture&quot;:&quot;0&quot;,&quot;credit&quot;:&quot;&quot;,&quot;camera&quot;:&quot;&quot;,&quot;caption&quot;:&quot;&quot;,&quot;created_timestamp&quot;:&quot;0&quot;,&quot;copyright&quot;:&quot;&quot;,&quot;focal_length&quot;:&quot;0&quot;,&quot;iso&quot;:&quot;0&quot;,&quot;shutter_speed&quot;:&quot;0&quot;,&quot;title&quot;:&quot;&quot;,&quot;orientation&quot;:&quot;0&quot;}\" data-image-title=\"tir a\u0300 l&amp;rsquo;arc\" data-image-description=\"\" data-image-caption=\"\" data-large-file=\"https:\/\/i0.wp.com\/lyc-jules-ferry.fr\/wp-content\/uploads\/2025\/09\/tir-a-larc.jpg?fit=525%2C930&amp;ssl=1\" data-id=\"16275\" src=\"https:\/\/i0.wp.com\/lyc-jules-ferry.fr\/wp-content\/uploads\/2025\/09\/tir-a-larc.jpg?resize=525%2C930&#038;ssl=1\" alt=\"Des \u00e9l\u00e8ves participant \u00e0 un atelier de tir \u00e0 l'arc, en train de se pr\u00e9parer \u00e0 tirer sur une cible.\" class=\"wp-image-16275\" srcset=\"https:\/\/i0.wp.com\/lyc-jules-ferry.fr\/wp-content\/uploads\/2025\/09\/tir-a-larc.jpg?resize=578%2C1024&amp;ssl=1 578w, https:\/\/i0.wp.com\/lyc-jules-ferry.fr\/wp-content\/uploads\/2025\/09\/tir-a-larc.jpg?resize=169%2C300&amp;ssl=1 169w, https:\/\/i0.wp.com\/lyc-jules-ferry.fr\/wp-content\/uploads\/2025\/09\/tir-a-larc.jpg?resize=768%2C1362&amp;ssl=1 768w, https:\/\/i0.wp.com\/lyc-jules-ferry.fr\/wp-content\/uploads\/2025\/09\/tir-a-larc.jpg?w=846&amp;ssl=1 846w\" sizes=\"auto, (max-width: 525px) 100vw, 525px\" \/><\/figure>\n\n\n\n<figure class=\"wp-block-image size-large\"><img data-recalc-dims=\"1\" loading=\"lazy\" decoding=\"async\" width=\"525\" height=\"930\" data-attachment-id=\"16276\" data-permalink=\"https:\/\/lyc-jules-ferry.fr\/?attachment_id=16276\" data-orig-file=\"https:\/\/i0.wp.com\/lyc-jules-ferry.fr\/wp-content\/uploads\/2025\/09\/Tir-a-larc-2.jpg?fit=846%2C1500&amp;ssl=1\" data-orig-size=\"846,1500\" data-comments-opened=\"0\" data-image-meta=\"{&quot;aperture&quot;:&quot;0&quot;,&quot;credit&quot;:&quot;&quot;,&quot;camera&quot;:&quot;&quot;,&quot;caption&quot;:&quot;&quot;,&quot;created_timestamp&quot;:&quot;0&quot;,&quot;copyright&quot;:&quot;&quot;,&quot;focal_length&quot;:&quot;0&quot;,&quot;iso&quot;:&quot;0&quot;,&quot;shutter_speed&quot;:&quot;0&quot;,&quot;title&quot;:&quot;&quot;,&quot;orientation&quot;:&quot;0&quot;}\" data-image-title=\"Tir a\u0300 l&amp;rsquo;arc 2\" data-image-description=\"\" data-image-caption=\"\" data-large-file=\"https:\/\/i0.wp.com\/lyc-jules-ferry.fr\/wp-content\/uploads\/2025\/09\/Tir-a-larc-2.jpg?fit=525%2C930&amp;ssl=1\" data-id=\"16276\" src=\"https:\/\/i0.wp.com\/lyc-jules-ferry.fr\/wp-content\/uploads\/2025\/09\/Tir-a-larc-2.jpg?resize=525%2C930&#038;ssl=1\" alt=\"Des \u00e9l\u00e8ves participent \u00e0 un atelier de tir \u00e0 l'arc, align\u00e9s et concentr\u00e9s.\" class=\"wp-image-16276\" srcset=\"https:\/\/i0.wp.com\/lyc-jules-ferry.fr\/wp-content\/uploads\/2025\/09\/Tir-a-larc-2.jpg?resize=578%2C1024&amp;ssl=1 578w, https:\/\/i0.wp.com\/lyc-jules-ferry.fr\/wp-content\/uploads\/2025\/09\/Tir-a-larc-2.jpg?resize=169%2C300&amp;ssl=1 169w, https:\/\/i0.wp.com\/lyc-jules-ferry.fr\/wp-content\/uploads\/2025\/09\/Tir-a-larc-2.jpg?resize=768%2C1362&amp;ssl=1 768w, https:\/\/i0.wp.com\/lyc-jules-ferry.fr\/wp-content\/uploads\/2025\/09\/Tir-a-larc-2.jpg?w=846&amp;ssl=1 846w\" sizes=\"auto, (max-width: 525px) 100vw, 525px\" \/><\/figure>\n\n\n\n<figure class=\"wp-block-image size-large\"><img data-recalc-dims=\"1\" loading=\"lazy\" decoding=\"async\" width=\"525\" height=\"700\" data-attachment-id=\"16273\" data-permalink=\"https:\/\/lyc-jules-ferry.fr\/?attachment_id=16273\" data-orig-file=\"https:\/\/i0.wp.com\/lyc-jules-ferry.fr\/wp-content\/uploads\/2025\/09\/Judo.jpg?fit=1125%2C1500&amp;ssl=1\" data-orig-size=\"1125,1500\" data-comments-opened=\"0\" data-image-meta=\"{&quot;aperture&quot;:&quot;0&quot;,&quot;credit&quot;:&quot;&quot;,&quot;camera&quot;:&quot;&quot;,&quot;caption&quot;:&quot;&quot;,&quot;created_timestamp&quot;:&quot;0&quot;,&quot;copyright&quot;:&quot;&quot;,&quot;focal_length&quot;:&quot;0&quot;,&quot;iso&quot;:&quot;0&quot;,&quot;shutter_speed&quot;:&quot;0&quot;,&quot;title&quot;:&quot;&quot;,&quot;orientation&quot;:&quot;0&quot;}\" data-image-title=\"Judo\" data-image-description=\"\" data-image-caption=\"\" data-large-file=\"https:\/\/i0.wp.com\/lyc-jules-ferry.fr\/wp-content\/uploads\/2025\/09\/Judo.jpg?fit=525%2C700&amp;ssl=1\" data-id=\"16273\" src=\"https:\/\/i0.wp.com\/lyc-jules-ferry.fr\/wp-content\/uploads\/2025\/09\/Judo.jpg?resize=525%2C700&#038;ssl=1\" alt=\"Un professeur de arts martiaux enseignant \u00e0 des \u00e9l\u00e8ves lors d'un atelier de sport, avec un tatami jaune en arri\u00e8re-plan.\" class=\"wp-image-16273\" srcset=\"https:\/\/i0.wp.com\/lyc-jules-ferry.fr\/wp-content\/uploads\/2025\/09\/Judo.jpg?resize=768%2C1024&amp;ssl=1 768w, https:\/\/i0.wp.com\/lyc-jules-ferry.fr\/wp-content\/uploads\/2025\/09\/Judo.jpg?resize=225%2C300&amp;ssl=1 225w, https:\/\/i0.wp.com\/lyc-jules-ferry.fr\/wp-content\/uploads\/2025\/09\/Judo.jpg?w=1125&amp;ssl=1 1125w, https:\/\/i0.wp.com\/lyc-jules-ferry.fr\/wp-content\/uploads\/2025\/09\/Judo.jpg?w=1050&amp;ssl=1 1050w\" sizes=\"auto, (max-width: 767px) 89vw, (max-width: 1000px) 54vw, (max-width: 1071px) 543px, 580px\" \/><\/figure>\n\n\n\n<figure class=\"wp-block-image size-large\"><img data-recalc-dims=\"1\" loading=\"lazy\" decoding=\"async\" width=\"525\" height=\"700\" data-attachment-id=\"16266\" data-permalink=\"https:\/\/lyc-jules-ferry.fr\/?attachment_id=16266\" data-orig-file=\"https:\/\/i0.wp.com\/lyc-jules-ferry.fr\/wp-content\/uploads\/2025\/09\/Photo-1.jpg?fit=1125%2C1500&amp;ssl=1\" data-orig-size=\"1125,1500\" data-comments-opened=\"0\" data-image-meta=\"{&quot;aperture&quot;:&quot;0&quot;,&quot;credit&quot;:&quot;&quot;,&quot;camera&quot;:&quot;&quot;,&quot;caption&quot;:&quot;&quot;,&quot;created_timestamp&quot;:&quot;0&quot;,&quot;copyright&quot;:&quot;&quot;,&quot;focal_length&quot;:&quot;0&quot;,&quot;iso&quot;:&quot;0&quot;,&quot;shutter_speed&quot;:&quot;0&quot;,&quot;title&quot;:&quot;&quot;,&quot;orientation&quot;:&quot;0&quot;}\" data-image-title=\"Photo 1\" data-image-description=\"\" data-image-caption=\"\" data-large-file=\"https:\/\/i0.wp.com\/lyc-jules-ferry.fr\/wp-content\/uploads\/2025\/09\/Photo-1.jpg?fit=525%2C700&amp;ssl=1\" data-id=\"16266\" src=\"https:\/\/i0.wp.com\/lyc-jules-ferry.fr\/wp-content\/uploads\/2025\/09\/Photo-1.jpg?resize=525%2C700&#038;ssl=1\" alt=\"Des \u00e9l\u00e8ves participent \u00e0 une activit\u00e9 de cyclisme en int\u00e9rieur, chacun sur un v\u00e9lo stationnaire, avec des tablettes fix\u00e9es sur le guidon.\" class=\"wp-image-16266\" srcset=\"https:\/\/i0.wp.com\/lyc-jules-ferry.fr\/wp-content\/uploads\/2025\/09\/Photo-1.jpg?resize=768%2C1024&amp;ssl=1 768w, https:\/\/i0.wp.com\/lyc-jules-ferry.fr\/wp-content\/uploads\/2025\/09\/Photo-1.jpg?resize=225%2C300&amp;ssl=1 225w, https:\/\/i0.wp.com\/lyc-jules-ferry.fr\/wp-content\/uploads\/2025\/09\/Photo-1.jpg?w=1125&amp;ssl=1 1125w, https:\/\/i0.wp.com\/lyc-jules-ferry.fr\/wp-content\/uploads\/2025\/09\/Photo-1.jpg?w=1050&amp;ssl=1 1050w\" sizes=\"auto, (max-width: 767px) 89vw, (max-width: 1000px) 54vw, (max-width: 1071px) 543px, 580px\" \/><\/figure>\n<\/figure>\n\n\n\n<p class=\"wp-block-paragraph\">Ali quant \u00e0 lui souligne le fait que : \u00a0\u00bb les \u00e9ducateurs sportifs \u00e9taient tous tr\u00e8s gentils, j&rsquo;ai pu voir du raqball&nbsp;&nbsp;et ce sport cor\u00e9en que j&rsquo;aimerais tant pratiquer.\u00a0\u00bb <\/p>\n\n\n\n<figure class=\"wp-block-image size-large\"><img data-recalc-dims=\"1\" loading=\"lazy\" decoding=\"async\" width=\"525\" height=\"700\" data-attachment-id=\"16270\" data-permalink=\"https:\/\/lyc-jules-ferry.fr\/?attachment_id=16270\" data-orig-file=\"https:\/\/i0.wp.com\/lyc-jules-ferry.fr\/wp-content\/uploads\/2025\/09\/Sport-et-cecite.jpg?fit=1125%2C1500&amp;ssl=1\" data-orig-size=\"1125,1500\" data-comments-opened=\"0\" data-image-meta=\"{&quot;aperture&quot;:&quot;0&quot;,&quot;credit&quot;:&quot;&quot;,&quot;camera&quot;:&quot;&quot;,&quot;caption&quot;:&quot;&quot;,&quot;created_timestamp&quot;:&quot;0&quot;,&quot;copyright&quot;:&quot;&quot;,&quot;focal_length&quot;:&quot;0&quot;,&quot;iso&quot;:&quot;0&quot;,&quot;shutter_speed&quot;:&quot;0&quot;,&quot;title&quot;:&quot;&quot;,&quot;orientation&quot;:&quot;0&quot;}\" data-image-title=\"Sport et ce\u0301cite\u0301\" data-image-description=\"\" data-image-caption=\"\" data-large-file=\"https:\/\/i0.wp.com\/lyc-jules-ferry.fr\/wp-content\/uploads\/2025\/09\/Sport-et-cecite.jpg?fit=525%2C700&amp;ssl=1\" src=\"https:\/\/i0.wp.com\/lyc-jules-ferry.fr\/wp-content\/uploads\/2025\/09\/Sport-et-cecite.jpg?resize=525%2C700&#038;ssl=1\" alt=\"Une \u00e9l\u00e8ve portant un masque sur les yeux, semblant s'entra\u00eener au c\u00e9cifoot sur un terrain de sport, avec un ballon \u00e0 ses pieds et des c\u00f4nes de signalisation autour.\" class=\"wp-image-16270\" srcset=\"https:\/\/i0.wp.com\/lyc-jules-ferry.fr\/wp-content\/uploads\/2025\/09\/Sport-et-cecite.jpg?resize=768%2C1024&amp;ssl=1 768w, https:\/\/i0.wp.com\/lyc-jules-ferry.fr\/wp-content\/uploads\/2025\/09\/Sport-et-cecite.jpg?resize=225%2C300&amp;ssl=1 225w, https:\/\/i0.wp.com\/lyc-jules-ferry.fr\/wp-content\/uploads\/2025\/09\/Sport-et-cecite.jpg?w=1125&amp;ssl=1 1125w, https:\/\/i0.wp.com\/lyc-jules-ferry.fr\/wp-content\/uploads\/2025\/09\/Sport-et-cecite.jpg?w=1050&amp;ssl=1 1050w\" sizes=\"auto, (max-width: 767px) 89vw, (max-width: 1000px) 54vw, (max-width: 1071px) 543px, 580px\" \/><\/figure>\n\n\n\n<p class=\"wp-block-paragraph\">Jos\u00e9phine met en exergue que la pratique du c\u00e9cifoot lui a permis de vivre dans la peau d\u2019un malvoyant, ce qui lui a permis de comprendre plus de choses sur ce handicap. <\/p>\n\n\n\n<p class=\"wp-block-paragraph\">Elio, lui dira que la course en fauteuil roulant \u00e9tait incroyable et &nbsp;Dina ajoute que discuter avec Cricri qui est en fauteuil depuis ses 13 ans lui a chang\u00e9 sa vision des choses sur le handicap.<\/p>\n\n\n\n<figure class=\"wp-block-image size-large\"><img data-recalc-dims=\"1\" loading=\"lazy\" decoding=\"async\" width=\"525\" height=\"394\" data-attachment-id=\"16271\" data-permalink=\"https:\/\/lyc-jules-ferry.fr\/?attachment_id=16271\" data-orig-file=\"https:\/\/i0.wp.com\/lyc-jules-ferry.fr\/wp-content\/uploads\/2025\/09\/course-en-fauteuil.jpg?fit=1500%2C1125&amp;ssl=1\" data-orig-size=\"1500,1125\" data-comments-opened=\"0\" data-image-meta=\"{&quot;aperture&quot;:&quot;0&quot;,&quot;credit&quot;:&quot;&quot;,&quot;camera&quot;:&quot;&quot;,&quot;caption&quot;:&quot;&quot;,&quot;created_timestamp&quot;:&quot;0&quot;,&quot;copyright&quot;:&quot;&quot;,&quot;focal_length&quot;:&quot;0&quot;,&quot;iso&quot;:&quot;0&quot;,&quot;shutter_speed&quot;:&quot;0&quot;,&quot;title&quot;:&quot;&quot;,&quot;orientation&quot;:&quot;0&quot;}\" data-image-title=\"course en fauteuil\" data-image-description=\"\" data-image-caption=\"\" data-large-file=\"https:\/\/i0.wp.com\/lyc-jules-ferry.fr\/wp-content\/uploads\/2025\/09\/course-en-fauteuil.jpg?fit=525%2C394&amp;ssl=1\" src=\"https:\/\/i0.wp.com\/lyc-jules-ferry.fr\/wp-content\/uploads\/2025\/09\/course-en-fauteuil.jpg?resize=525%2C394&#038;ssl=1\" alt=\"Des \u00e9l\u00e8ves participant \u00e0 une activit\u00e9 de course en fauteuil roulant sur une piste ext\u00e9rieure, avec un camarade au centre aiguisant l'int\u00e9r\u00eat et l'excitation des participants.\" class=\"wp-image-16271\" srcset=\"https:\/\/i0.wp.com\/lyc-jules-ferry.fr\/wp-content\/uploads\/2025\/09\/course-en-fauteuil.jpg?resize=1024%2C768&amp;ssl=1 1024w, https:\/\/i0.wp.com\/lyc-jules-ferry.fr\/wp-content\/uploads\/2025\/09\/course-en-fauteuil.jpg?resize=300%2C225&amp;ssl=1 300w, https:\/\/i0.wp.com\/lyc-jules-ferry.fr\/wp-content\/uploads\/2025\/09\/course-en-fauteuil.jpg?resize=768%2C576&amp;ssl=1 768w, https:\/\/i0.wp.com\/lyc-jules-ferry.fr\/wp-content\/uploads\/2025\/09\/course-en-fauteuil.jpg?w=1500&amp;ssl=1 1500w\" sizes=\"auto, (max-width: 767px) 89vw, (max-width: 1000px) 54vw, (max-width: 1071px) 543px, 580px\" \/><\/figure>\n\n\n\n<p class=\"wp-block-paragraph\">Tous s\u2019accordent \u00e0 nous dire \u00ab mais pourquoi tous les \u00e9l\u00e8ves du coll\u00e8ge n\u2019ont pas pu y participer ? l\u2019an prochain il faudrait y amener tout le monde ! \u00bb Un pointe de regret pour Ys\u00e9 et Ad\u00e8le qui auraient aim\u00e9 y rester plus longtemps et d\u00e9couvrir une plus grande diversit\u00e9 de sports. <\/p>\n\n\n\n<figure class=\"wp-block-image size-large\"><img data-recalc-dims=\"1\" loading=\"lazy\" decoding=\"async\" width=\"525\" height=\"394\" data-attachment-id=\"16269\" data-permalink=\"https:\/\/lyc-jules-ferry.fr\/?attachment_id=16269\" data-orig-file=\"https:\/\/i0.wp.com\/lyc-jules-ferry.fr\/wp-content\/uploads\/2025\/09\/Interview-2.jpg?fit=1500%2C1125&amp;ssl=1\" data-orig-size=\"1500,1125\" data-comments-opened=\"0\" data-image-meta=\"{&quot;aperture&quot;:&quot;0&quot;,&quot;credit&quot;:&quot;&quot;,&quot;camera&quot;:&quot;&quot;,&quot;caption&quot;:&quot;&quot;,&quot;created_timestamp&quot;:&quot;0&quot;,&quot;copyright&quot;:&quot;&quot;,&quot;focal_length&quot;:&quot;0&quot;,&quot;iso&quot;:&quot;0&quot;,&quot;shutter_speed&quot;:&quot;0&quot;,&quot;title&quot;:&quot;&quot;,&quot;orientation&quot;:&quot;0&quot;}\" data-image-title=\"Interview 2\" data-image-description=\"\" data-image-caption=\"\" data-large-file=\"https:\/\/i0.wp.com\/lyc-jules-ferry.fr\/wp-content\/uploads\/2025\/09\/Interview-2.jpg?fit=525%2C394&amp;ssl=1\" src=\"https:\/\/i0.wp.com\/lyc-jules-ferry.fr\/wp-content\/uploads\/2025\/09\/Interview-2.jpg?resize=525%2C394&#038;ssl=1\" alt=\"Deux enfants en t-shirt bleu interviewent une camarade lors d'un \u00e9v\u00e9nement sportif \u00e0 Carpentier, Paris, avec des spectateurs en arri\u00e8re-plan.\" class=\"wp-image-16269\" srcset=\"https:\/\/i0.wp.com\/lyc-jules-ferry.fr\/wp-content\/uploads\/2025\/09\/Interview-2.jpg?resize=1024%2C768&amp;ssl=1 1024w, https:\/\/i0.wp.com\/lyc-jules-ferry.fr\/wp-content\/uploads\/2025\/09\/Interview-2.jpg?resize=300%2C225&amp;ssl=1 300w, https:\/\/i0.wp.com\/lyc-jules-ferry.fr\/wp-content\/uploads\/2025\/09\/Interview-2.jpg?resize=768%2C576&amp;ssl=1 768w, https:\/\/i0.wp.com\/lyc-jules-ferry.fr\/wp-content\/uploads\/2025\/09\/Interview-2.jpg?w=1500&amp;ssl=1 1500w\" sizes=\"auto, (max-width: 767px) 89vw, (max-width: 1000px) 54vw, (max-width: 1071px) 543px, 580px\" \/><\/figure>\n\n\n\n<p class=\"wp-block-paragraph\">Enfin, les jeunes reporters internationaux nous ont interview\u00e9s ! Ils venaient de Londres, sp\u00e9cialement pour l&rsquo;\u00e9v\u00e8nement.<\/p>\n\n\n\n<figure class=\"wp-block-gallery has-nested-images columns-1 is-cropped wp-block-gallery-3 is-layout-flex wp-block-gallery-is-layout-flex\">\n<figure class=\"wp-block-image size-large\"><img data-recalc-dims=\"1\" loading=\"lazy\" decoding=\"async\" width=\"525\" height=\"394\" data-attachment-id=\"16268\" data-permalink=\"https:\/\/lyc-jules-ferry.fr\/?attachment_id=16268\" data-orig-file=\"https:\/\/i0.wp.com\/lyc-jules-ferry.fr\/wp-content\/uploads\/2025\/09\/Interview.jpg?fit=1500%2C1125&amp;ssl=1\" data-orig-size=\"1500,1125\" data-comments-opened=\"0\" data-image-meta=\"{&quot;aperture&quot;:&quot;0&quot;,&quot;credit&quot;:&quot;&quot;,&quot;camera&quot;:&quot;&quot;,&quot;caption&quot;:&quot;&quot;,&quot;created_timestamp&quot;:&quot;0&quot;,&quot;copyright&quot;:&quot;&quot;,&quot;focal_length&quot;:&quot;0&quot;,&quot;iso&quot;:&quot;0&quot;,&quot;shutter_speed&quot;:&quot;0&quot;,&quot;title&quot;:&quot;&quot;,&quot;orientation&quot;:&quot;0&quot;}\" data-image-title=\"Interview\" data-image-description=\"\" data-image-caption=\"\" data-large-file=\"https:\/\/i0.wp.com\/lyc-jules-ferry.fr\/wp-content\/uploads\/2025\/09\/Interview.jpg?fit=525%2C394&amp;ssl=1\" data-id=\"16268\" src=\"https:\/\/i0.wp.com\/lyc-jules-ferry.fr\/wp-content\/uploads\/2025\/09\/Interview.jpg?resize=525%2C394&#038;ssl=1\" alt=\"Un jeune journaliste interviewe un \u00e9tudiant lors de la JNSS \u00e0 Carpentier, Paris. En arri\u00e8re-plan, des v\u00e9los sont visibles et un structure gonflable.\" class=\"wp-image-16268\" srcset=\"https:\/\/i0.wp.com\/lyc-jules-ferry.fr\/wp-content\/uploads\/2025\/09\/Interview.jpg?resize=1024%2C768&amp;ssl=1 1024w, https:\/\/i0.wp.com\/lyc-jules-ferry.fr\/wp-content\/uploads\/2025\/09\/Interview.jpg?resize=300%2C225&amp;ssl=1 300w, https:\/\/i0.wp.com\/lyc-jules-ferry.fr\/wp-content\/uploads\/2025\/09\/Interview.jpg?resize=768%2C576&amp;ssl=1 768w, https:\/\/i0.wp.com\/lyc-jules-ferry.fr\/wp-content\/uploads\/2025\/09\/Interview.jpg?w=1500&amp;ssl=1 1500w\" sizes=\"auto, (max-width: 767px) 89vw, (max-width: 1000px) 54vw, (max-width: 1071px) 543px, 580px\" \/><\/figure>\n<\/figure>\n\n\n\n<p class=\"wp-block-paragraph\">Nous avons pu \u00e9galement rencontrer les membres de l\u2019UNSS de Besan\u00e7on qui repr\u00e9sentent <a href=\"https:\/\/www.juin-jaune.fr\/\">Juin Jaune<\/a>&nbsp;&nbsp;afin d\u2019alerter sur les dangers du soleil. Alors \u00e0 l\u2019AS ou en EPS n\u2019oublie pas ton bob, tes lunettes de soleil et surtout TA CREME SOLAIRE&nbsp;!<\/p>\n\n\n\n<figure class=\"wp-block-image size-large\"><img data-recalc-dims=\"1\" loading=\"lazy\" decoding=\"async\" width=\"525\" height=\"394\" data-attachment-id=\"16272\" data-permalink=\"https:\/\/lyc-jules-ferry.fr\/?attachment_id=16272\" data-orig-file=\"https:\/\/i0.wp.com\/lyc-jules-ferry.fr\/wp-content\/uploads\/2025\/09\/Groupe-au-sol.jpg?fit=1500%2C1125&amp;ssl=1\" data-orig-size=\"1500,1125\" data-comments-opened=\"0\" data-image-meta=\"{&quot;aperture&quot;:&quot;0&quot;,&quot;credit&quot;:&quot;&quot;,&quot;camera&quot;:&quot;&quot;,&quot;caption&quot;:&quot;&quot;,&quot;created_timestamp&quot;:&quot;0&quot;,&quot;copyright&quot;:&quot;&quot;,&quot;focal_length&quot;:&quot;0&quot;,&quot;iso&quot;:&quot;0&quot;,&quot;shutter_speed&quot;:&quot;0&quot;,&quot;title&quot;:&quot;&quot;,&quot;orientation&quot;:&quot;0&quot;}\" data-image-title=\"Groupe au sol\" data-image-description=\"\" data-image-caption=\"\" data-large-file=\"https:\/\/i0.wp.com\/lyc-jules-ferry.fr\/wp-content\/uploads\/2025\/09\/Groupe-au-sol.jpg?fit=525%2C394&amp;ssl=1\" src=\"https:\/\/i0.wp.com\/lyc-jules-ferry.fr\/wp-content\/uploads\/2025\/09\/Groupe-au-sol.jpg?resize=525%2C394&#038;ssl=1\" alt=\"Groupe d'\u00e9l\u00e8ves du coll\u00e8ge allong\u00e9s en \u00e9toile sur un tatami jaune, souriant et adoptant des poses amusantes.\" class=\"wp-image-16272\" srcset=\"https:\/\/i0.wp.com\/lyc-jules-ferry.fr\/wp-content\/uploads\/2025\/09\/Groupe-au-sol.jpg?resize=1024%2C768&amp;ssl=1 1024w, https:\/\/i0.wp.com\/lyc-jules-ferry.fr\/wp-content\/uploads\/2025\/09\/Groupe-au-sol.jpg?resize=300%2C225&amp;ssl=1 300w, https:\/\/i0.wp.com\/lyc-jules-ferry.fr\/wp-content\/uploads\/2025\/09\/Groupe-au-sol.jpg?resize=768%2C576&amp;ssl=1 768w, https:\/\/i0.wp.com\/lyc-jules-ferry.fr\/wp-content\/uploads\/2025\/09\/Groupe-au-sol.jpg?w=1500&amp;ssl=1 1500w\" sizes=\"auto, (max-width: 767px) 89vw, (max-width: 1000px) 54vw, (max-width: 1071px) 543px, 580px\" \/><\/figure>\n\n\n\n<p class=\"wp-block-paragraph\">Pour suivre toutes les informations des AS de JF c&rsquo;est par ici  : <a href=\"https:\/\/padlet.com\/epsasjf\/association-sportive-du-coll-ge-et-du-lyc-e-jules-ferry-iyrsz2i1qt794lhi\">padlet -association sportive du coll\u00e8ge et du lyc\u00e9e<\/a><\/p>\n\n\n\n<p class=\"wp-block-paragraph\">CR par Am\u00e9lie Goze et Jeanne Garnier, professeures d\u2019EPS<\/p>\n","protected":false},"excerpt":{"rendered":"<p>Retour sur la fabuleuse opportunit\u00e9 offerte \u00e0 20 \u00e9l\u00e8ves du coll\u00e8ge de participer \u00e0 la JNSS \u00e0 Carpentier, Paris 13 \u00a0le mercredi 17 septembre 2025.<\/p>\n","protected":false},"author":237379864,"featured_media":16278,"comment_status":"closed","ping_status":"closed","sticky":false,"template":"","format":"standard","meta":{"advanced_seo_description":"","jetpack_seo_html_title":"","jetpack_seo_noindex":false,"jetpack_seo_schema_type":"","_jetpack_newsletter_access":"","_jetpack_dont_email_post_to_subs":false,"_jetpack_newsletter_tier_id":0,"_jetpack_memberships_contains_paywalled_content":false,"_wpcom_ai_launchpad_first_post":false,"_jetpack_feature_clip_id":0,"_jetpack_memberships_contains_paid_content":false,"footnotes":"","jetpack_post_was_ever_published":false},"categories":[6351,6362,6331,6663,6668],"tags":[6460,6642],"class_list":["post-16262","post","type-post","status-publish","format-standard","has-post-thumbnail","hentry","category-as","category-eps","category-enseignements","category-vie-des-eleves","category-vie-lyceenne-et-collegienne","tag-college","tag-unss"],"jetpack_shortlink":"https:\/\/wp.me\/peXVPZ-4ei","jetpack-related-posts":[{"id":7592,"url":"https:\/\/lyc-jules-ferry.fr\/?p=7592","url_meta":{"origin":16262,"position":0},"title":"La classe olympique fait une rentr\u00e9e&#8230;sportive !","author":"r\u00e9dactrice","date":"9 Oct 2023","format":false,"excerpt":"Au sein de l\u2019\u00e9tablissement, la 5\u00e8me3 a re\u00e7u l\u2019agr\u00e9ment du CNOSF (comit\u00e9 national olympique et sportif fran\u00e7ais) de \u00ab\u00a0Classe Olympique\u00a0\u00bb. C\u2019est une classe 100% sportive, o\u00f9 les \u00e9l\u00e8ves en plus de leur heures EPS, pratiquent \u00e0 l\u2019AS (association sportive). De plus, tous endossent un r\u00f4le sp\u00e9cifique\u00a0: pratiquant, reporter, secouriste, arbitre,\u2026","rel":"","context":"Dans &quot;Association sportive&quot;","block_context":{"text":"Association sportive","link":"https:\/\/lyc-jules-ferry.fr\/?cat=6351"},"img":{"alt_text":"","src":"https:\/\/i0.wp.com\/lyc-jules-ferry.fr\/wp-content\/uploads\/2023\/10\/Serment-olympique.png?resize=350%2C200&ssl=1","width":350,"height":200,"srcset":"https:\/\/i0.wp.com\/lyc-jules-ferry.fr\/wp-content\/uploads\/2023\/10\/Serment-olympique.png?resize=350%2C200&ssl=1 1x, https:\/\/i0.wp.com\/lyc-jules-ferry.fr\/wp-content\/uploads\/2023\/10\/Serment-olympique.png?resize=525%2C300&ssl=1 1.5x, https:\/\/i0.wp.com\/lyc-jules-ferry.fr\/wp-content\/uploads\/2023\/10\/Serment-olympique.png?resize=700%2C400&ssl=1 2x, https:\/\/i0.wp.com\/lyc-jules-ferry.fr\/wp-content\/uploads\/2023\/10\/Serment-olympique.png?resize=1050%2C600&ssl=1 3x, https:\/\/i0.wp.com\/lyc-jules-ferry.fr\/wp-content\/uploads\/2023\/10\/Serment-olympique.png?resize=1400%2C800&ssl=1 4x"},"classes":[]},{"id":4605,"url":"https:\/\/lyc-jules-ferry.fr\/?p=4605","url_meta":{"origin":16262,"position":1},"title":"Remise des prix UNSS pour les \u00e9l\u00e8ves des AS Basket et AS Danse coll\u00e8ge","author":"ce0750669v","date":"29 Mai 2021","format":false,"excerpt":"Une belle aventure sportive, collective et solidaire s\u2019est cl\u00f4tur\u00e9e mardi soir, avec la remise des prix, un go\u00fbter et une jolie f\u00eate de l\u2019association sportive sous les f\u00e9licitations de toute l\u2019\u00e9quipe de direction. F\u00e9licitations aux \u00e9l\u00e8ves de secondes de l\u2019AS Basket qui sont champions de Paris\u00a0dans leur cat\u00e9gorie ! F\u00e9licitations\u2026","rel":"","context":"Dans &quot;Association sportive&quot;","block_context":{"text":"Association sportive","link":"https:\/\/lyc-jules-ferry.fr\/?cat=6351"},"img":{"alt_text":"","src":"","width":0,"height":0},"classes":[]},{"id":4309,"url":"https:\/\/lyc-jules-ferry.fr\/?p=4309","url_meta":{"origin":16262,"position":2},"title":"Deux tr\u00e8s belles prestations de l&rsquo;AS danse du lyc\u00e9e !","author":"ce0750669v","date":"3 Juin 2022","format":false,"excerpt":"L'AS danse du lyc\u00e9e a brill\u00e9 avec sa chor\u00e9graphie \"Human\" au Festival National de danse UNSS qui s'est d\u00e9roul\u00e9 \u00e0 Poitiers du 16 au 19 mai. Le groupe de l'AS danse du lyc\u00e9e avec son professeur M.Mathieu Nobileau Nos \u00e9l\u00e8ves \u00e9taient tr\u00e8s fiers de repr\u00e9senter Paris \u00e0 travers la danse\u2026","rel":"","context":"Dans &quot;Association sportive&quot;","block_context":{"text":"Association sportive","link":"https:\/\/lyc-jules-ferry.fr\/?cat=6351"},"img":{"alt_text":"","src":"https:\/\/i0.wp.com\/lyc-jules-ferry.fr\/wp-content\/uploads\/2026\/05\/Resized_photo_cnrd_T5.jpg?resize=350%2C200","width":350,"height":200,"srcset":"https:\/\/i0.wp.com\/lyc-jules-ferry.fr\/wp-content\/uploads\/2026\/05\/Resized_photo_cnrd_T5.jpg?resize=350%2C200 1x, https:\/\/i0.wp.com\/lyc-jules-ferry.fr\/wp-content\/uploads\/2026\/05\/Resized_photo_cnrd_T5.jpg?resize=525%2C300 1.5x, https:\/\/i0.wp.com\/lyc-jules-ferry.fr\/wp-content\/uploads\/2026\/05\/Resized_photo_cnrd_T5.jpg?resize=700%2C400 2x, https:\/\/i0.wp.com\/lyc-jules-ferry.fr\/wp-content\/uploads\/2026\/05\/Resized_photo_cnrd_T5.jpg?resize=1050%2C600 3x"},"classes":[]},{"id":15860,"url":"https:\/\/lyc-jules-ferry.fr\/?p=15860","url_meta":{"origin":16262,"position":3},"title":"As danse coll\u00e8ge : \u00ab\u00a0En un \u00e9clair\u00a0\u00bb, superbe chor\u00e9graphie r\u00e9compens\u00e9e !","author":"r\u00e9dactrice","date":"30 Juin 2025","format":false,"excerpt":"D\u00e9couvrez la vid\u00e9o de la chor\u00e9graphie \"En un \u00e9clair\" de l'AS danse coll\u00e8ge","rel":"","context":"Dans &quot;Association sportive&quot;","block_context":{"text":"Association sportive","link":"https:\/\/lyc-jules-ferry.fr\/?cat=6351"},"img":{"alt_text":"","src":"https:\/\/i0.wp.com\/lyc-jules-ferry.fr\/wp-content\/uploads\/2025\/06\/PHOTO-2025-06-30-14-26-07.jpg?fit=1200%2C1191&ssl=1&resize=350%2C200","width":350,"height":200,"srcset":"https:\/\/i0.wp.com\/lyc-jules-ferry.fr\/wp-content\/uploads\/2025\/06\/PHOTO-2025-06-30-14-26-07.jpg?fit=1200%2C1191&ssl=1&resize=350%2C200 1x, https:\/\/i0.wp.com\/lyc-jules-ferry.fr\/wp-content\/uploads\/2025\/06\/PHOTO-2025-06-30-14-26-07.jpg?fit=1200%2C1191&ssl=1&resize=525%2C300 1.5x, https:\/\/i0.wp.com\/lyc-jules-ferry.fr\/wp-content\/uploads\/2025\/06\/PHOTO-2025-06-30-14-26-07.jpg?fit=1200%2C1191&ssl=1&resize=700%2C400 2x, https:\/\/i0.wp.com\/lyc-jules-ferry.fr\/wp-content\/uploads\/2025\/06\/PHOTO-2025-06-30-14-26-07.jpg?fit=1200%2C1191&ssl=1&resize=1050%2C600 3x"},"classes":[]},{"id":4380,"url":"https:\/\/lyc-jules-ferry.fr\/?p=4380","url_meta":{"origin":16262,"position":4},"title":"Retour sur la saison 2022\/2023 de l&rsquo;AS Basket","author":"ce0750669v","date":"10 Juin 2023","format":false,"excerpt":"Cette ann\u00e9e, 89 licenci\u00e9.e.s ont pu pratiquer le basket tout au long de l'ann\u00e9e. En loisir pour assister aux entra\u00eenements hebdomadaires, ou bien en comp\u00e9tition afin de vivre l'exp\u00e9rience captivante de tournois ou championnats. Les licenci\u00e9s.e.s de l'As basket L'association sportive permet aux joueurs de se former \u00e9galement en tant\u2026","rel":"","context":"Dans &quot;Association sportive&quot;","block_context":{"text":"Association sportive","link":"https:\/\/lyc-jules-ferry.fr\/?cat=6351"},"img":{"alt_text":"","src":"https:\/\/i0.wp.com\/lyc-jules-ferry.scola.ac-paris.fr\/wp-content\/uploads\/2023\/06\/As-basket-2-900x1200.jpeg?resize=350%2C200&ssl=1","width":350,"height":200,"srcset":"https:\/\/i0.wp.com\/lyc-jules-ferry.scola.ac-paris.fr\/wp-content\/uploads\/2023\/06\/As-basket-2-900x1200.jpeg?resize=350%2C200&ssl=1 1x, https:\/\/i0.wp.com\/lyc-jules-ferry.scola.ac-paris.fr\/wp-content\/uploads\/2023\/06\/As-basket-2-900x1200.jpeg?resize=525%2C300&ssl=1 1.5x, https:\/\/i0.wp.com\/lyc-jules-ferry.scola.ac-paris.fr\/wp-content\/uploads\/2023\/06\/As-basket-2-900x1200.jpeg?resize=700%2C400&ssl=1 2x"},"classes":[]},{"id":13640,"url":"https:\/\/lyc-jules-ferry.fr\/?p=13640","url_meta":{"origin":16262,"position":5},"title":"Une semaine NBA pour notre AS basket","author":"r\u00e9dactrice","date":"5 Mar 2025","format":false,"excerpt":"Nos passionn\u00e9s de basket ont pu pratiquer leur sport favori toute une semaine gr\u00e2ce au partenariat de l\u2019AS basket avec l\u2019UNSS, la FFBB et la NBA. Des rencontres exceptionnelles avec des champions !","rel":"","context":"Dans &quot;Association sportive&quot;","block_context":{"text":"Association sportive","link":"https:\/\/lyc-jules-ferry.fr\/?cat=6351"},"img":{"alt_text":"","src":"https:\/\/i0.wp.com\/lyc-jules-ferry.fr\/wp-content\/uploads\/2025\/02\/NBA-annonce.jpg?fit=1200%2C860&ssl=1&resize=350%2C200","width":350,"height":200,"srcset":"https:\/\/i0.wp.com\/lyc-jules-ferry.fr\/wp-content\/uploads\/2025\/02\/NBA-annonce.jpg?fit=1200%2C860&ssl=1&resize=350%2C200 1x, https:\/\/i0.wp.com\/lyc-jules-ferry.fr\/wp-content\/uploads\/2025\/02\/NBA-annonce.jpg?fit=1200%2C860&ssl=1&resize=525%2C300 1.5x, https:\/\/i0.wp.com\/lyc-jules-ferry.fr\/wp-content\/uploads\/2025\/02\/NBA-annonce.jpg?fit=1200%2C860&ssl=1&resize=700%2C400 2x, https:\/\/i0.wp.com\/lyc-jules-ferry.fr\/wp-content\/uploads\/2025\/02\/NBA-annonce.jpg?fit=1200%2C860&ssl=1&resize=1050%2C600 3x"},"classes":[]}],"jetpack_sharing_enabled":true,"jetpack_featured_media_url":"https:\/\/i0.wp.com\/lyc-jules-ferry.fr\/wp-content\/uploads\/2025\/09\/Groupe-mme-Goze.jpg?fit=1500%2C846&ssl=1","_links":{"self":[{"href":"https:\/\/lyc-jules-ferry.fr\/index.php?rest_route=\/wp\/v2\/posts\/16262","targetHints":{"allow":["GET"]}}],"collection":[{"href":"https:\/\/lyc-jules-ferry.fr\/index.php?rest_route=\/wp\/v2\/posts"}],"about":[{"href":"https:\/\/lyc-jules-ferry.fr\/index.php?rest_route=\/wp\/v2\/types\/post"}],"author":[{"embeddable":true,"href":"https:\/\/lyc-jules-ferry.fr\/index.php?rest_route=\/wp\/v2\/users\/237379864"}],"replies":[{"embeddable":true,"href":"https:\/\/lyc-jules-ferry.fr\/index.php?rest_route=%2Fwp%2Fv2%2Fcomments&post=16262"}],"version-history":[{"count":17,"href":"https:\/\/lyc-jules-ferry.fr\/index.php?rest_route=\/wp\/v2\/posts\/16262\/revisions"}],"predecessor-version":[{"id":16293,"href":"https:\/\/lyc-jules-ferry.fr\/index.php?rest_route=\/wp\/v2\/posts\/16262\/revisions\/16293"}],"wp:featuredmedia":[{"embeddable":true,"href":"https:\/\/lyc-jules-ferry.fr\/index.php?rest_route=\/wp\/v2\/media\/16278"}],"wp:attachment":[{"href":"https:\/\/lyc-jules-ferry.fr\/index.php?rest_route=%2Fwp%2Fv2%2Fmedia&parent=16262"}],"wp:term":[{"taxonomy":"category","embeddable":true,"href":"https:\/\/lyc-jules-ferry.fr\/index.php?rest_route=%2Fwp%2Fv2%2Fcategories&post=16262"},{"taxonomy":"post_tag","embeddable":true,"href":"https:\/\/lyc-jules-ferry.fr\/index.php?rest_route=%2Fwp%2Fv2%2Ftags&post=16262"}],"curies":[{"name":"wp","href":"https:\/\/api.w.org\/{rel}","templated":true}]}}